{"id":3456,"date":"2022-04-25T12:12:31","date_gmt":"2022-04-25T12:12:31","guid":{"rendered":"https:\/\/www.marhotels.com\/blog\/?p=3456"},"modified":"2023-12-15T08:10:18","modified_gmt":"2023-12-15T08:10:18","slug":"playas-tramuntana","status":"publish","type":"post","link":"https:\/\/www.marhotels.com\/blog\/playas-tramuntana\/","title":{"rendered":"Cuatro calas que no puedes perderte en la Sierra de Tramuntana"},"content":{"rendered":"\t\t<div data-elementor-type=\"wp-post\" data-elementor-id=\"3456\" class=\"elementor elementor-3456\" data-elementor-settings=\"[]\">\n\t\t\t\t\t\t<div class=\"elementor-inner\">\n\t\t\t\t\t\t\t<div class=\"elementor-section-wrap\">\n\t\t\t\t\t\t\t<section class=\"elementor-section elementor-top-section elementor-element elementor-element-49c6876 elementor-section-boxed elementor-section-height-default elementor-section-height-default\" data-id=\"49c6876\" data-element_type=\"section\">\n\t\t\t\t\t\t<div class=\"elementor-container elementor-column-gap-default\">\n\t\t\t\t\t\t\t<div class=\"elementor-row\">\n\t\t\t\t\t<div class=\"elementor-column elementor-col-100 elementor-top-column elementor-element elementor-element-0568794\" data-id=\"0568794\" data-element_type=\"column\">\n\t\t\t<div class=\"elementor-column-wrap elementor-element-populated\">\n\t\t\t\t\t\t\t<div class=\"elementor-widget-wrap\">\n\t\t\t\t\t\t<div class=\"elementor-element elementor-element-076739b elementor-widget elementor-widget-text-editor\" data-id=\"076739b\" data-element_type=\"widget\" data-widget_type=\"text-editor.default\">\n\t\t\t\t<div class=\"elementor-widget-container\">\n\t\t\t\t\t\t\t\t<div class=\"elementor-text-editor elementor-clearfix\">\n\t\t\t\t<p>En Mallorca encontrar\u00e1s m\u00e1s de trecientas playas y calas repartidas por su espl\u00e9ndido litoral. En ellas podr\u00e1s disfrutar de algunas de las mejores aguas cristalinas, pero: \u00bfpor d\u00f3nde empezar?<\/p><p>Si no tienes claro cu\u00e1les son las mejores opciones entre las trecientas calas y playas que te ofrece Mallorca, nosotros te contamos cu\u00e1les son algunas de nuestras preferidas de la Sierra de Tramuntana.<\/p>\t\t\t\t\t<\/div>\n\t\t\t\t\t\t<\/div>\n\t\t\t\t<\/div>\n\t\t\t\t\t\t<\/div>\n\t\t\t\t\t<\/div>\n\t\t<\/div>\n\t\t\t\t\t\t\t\t<\/div>\n\t\t\t\t\t<\/div>\n\t\t<\/section>\n\t\t\t\t<section class=\"elementor-section elementor-top-section elementor-element elementor-element-665f2b2 elementor-section-boxed elementor-section-height-default elementor-section-height-default\" data-id=\"665f2b2\" data-element_type=\"section\">\n\t\t\t\t\t\t<div class=\"elementor-container elementor-column-gap-default\">\n\t\t\t\t\t\t\t<div class=\"elementor-row\">\n\t\t\t\t\t<div class=\"elementor-column elementor-col-100 elementor-top-column elementor-element elementor-element-c12b422\" data-id=\"c12b422\" data-element_type=\"column\">\n\t\t\t<div class=\"elementor-column-wrap elementor-element-populated\">\n\t\t\t\t\t\t\t<div class=\"elementor-widget-wrap\">\n\t\t\t\t\t\t<div class=\"elementor-element elementor-element-cc42c95 elementor-widget elementor-widget-spacer\" data-id=\"cc42c95\" data-element_type=\"widget\" data-widget_type=\"spacer.default\">\n\t\t\t\t<div class=\"elementor-widget-container\">\n\t\t\t\t\t<div class=\"elementor-spacer\">\n\t\t\t<div class=\"elementor-spacer-inner\"><\/div>\n\t\t<\/div>\n\t\t\t\t<\/div>\n\t\t\t\t<\/div>\n\t\t\t\t\t\t<\/div>\n\t\t\t\t\t<\/div>\n\t\t<\/div>\n\t\t\t\t\t\t\t\t<\/div>\n\t\t\t\t\t<\/div>\n\t\t<\/section>\n\t\t\t\t<section class=\"elementor-section elementor-top-section elementor-element elementor-element-de8737e elementor-section-boxed elementor-section-height-default elementor-section-height-default\" data-id=\"de8737e\" data-element_type=\"section\">\n\t\t\t\t\t\t<div class=\"elementor-container elementor-column-gap-default\">\n\t\t\t\t\t\t\t<div class=\"elementor-row\">\n\t\t\t\t\t<div class=\"elementor-column elementor-col-100 elementor-top-column elementor-element elementor-element-57b5598\" data-id=\"57b5598\" data-element_type=\"column\">\n\t\t\t<div class=\"elementor-column-wrap elementor-element-populated\">\n\t\t\t\t\t\t\t<div class=\"elementor-widget-wrap\">\n\t\t\t\t\t\t<div class=\"elementor-element elementor-element-776687d elementor-widget elementor-widget-heading\" data-id=\"776687d\" data-element_type=\"widget\" data-widget_type=\"heading.default\">\n\t\t\t\t<div class=\"elementor-widget-container\">\n\t\t\t<h2 class=\"elementor-heading-title elementor-size-default\"><a href=\"https:\/\/www.google.com\/maps\/search\/torrent+de+pareis\/@39.844221,2.7854258,13z\/data=!3m1!4b1\">Torrent de Pareis<\/a><\/h2>\t\t<\/div>\n\t\t\t\t<\/div>\n\t\t\t\t\t\t<\/div>\n\t\t\t\t\t<\/div>\n\t\t<\/div>\n\t\t\t\t\t\t\t\t<\/div>\n\t\t\t\t\t<\/div>\n\t\t<\/section>\n\t\t\t\t<section class=\"elementor-section elementor-top-section elementor-element elementor-element-44698e6 elementor-section-boxed elementor-section-height-default elementor-section-height-default\" data-id=\"44698e6\" data-element_type=\"section\">\n\t\t\t\t\t\t<div class=\"elementor-container elementor-column-gap-default\">\n\t\t\t\t\t\t\t<div class=\"elementor-row\">\n\t\t\t\t\t<div class=\"elementor-column elementor-col-100 elementor-top-column elementor-element elementor-element-ab425ac\" data-id=\"ab425ac\" data-element_type=\"column\">\n\t\t\t<div class=\"elementor-column-wrap elementor-element-populated\">\n\t\t\t\t\t\t\t<div class=\"elementor-widget-wrap\">\n\t\t\t\t\t\t<div class=\"elementor-element elementor-element-a055ef9 elementor-widget elementor-widget-text-editor\" data-id=\"a055ef9\" data-element_type=\"widget\" data-widget_type=\"text-editor.default\">\n\t\t\t\t<div class=\"elementor-widget-container\">\n\t\t\t\t\t\t\t\t<div class=\"elementor-text-editor elementor-clearfix\">\n\t\t\t\t<p>En el norte de Mallorca, a tan solo 38 km de S\u00f3ller e inmersa entre las monta\u00f1as de la Sierra de Tramuntana, encontramos dos de los lugares m\u00e1s impresionantes e impactantes de la isla: la cala de Sa Calobra y la Cala del Torrent de Pareis.<\/p><p>Para llegar a esta impactante playa tendr\u00e1s que ir por una de las carreteras m\u00e1s espectaculares de Espa\u00f1a, un ramal de la M10 que recorre Escorca hasta llegar a Sa Calobra. Al llegar encontrar\u00e1s dos playas al precio de una: Sa Calobra y, tras pasar un sendero y recorrer un peque\u00f1o t\u00fanel, llegar\u00e1s al Torrent de Pareis, inmersa entre las monta\u00f1as de la Sierra de Tramuntana.<\/p><p>En cuanto a servicios, al ser una zona natural protegida, la Cala del Torrent de Pareis no dispone de ninguno, pero en la cala de Sa Calobra encontrar\u00e1s ba\u00f1os, socorristas y restaurantes. Adem\u00e1s, si no te apetece conducir, podr\u00e1s llegar a estas preciosas calas a trav\u00e9s de una excursi\u00f3n en barco con los <a href=\"https:\/\/www.barcoscalobra.com\/\">Barcos Azules<\/a> que salen diariamente desde el Puerto de S\u00f3ller.<\/p>\t\t\t\t\t<\/div>\n\t\t\t\t\t\t<\/div>\n\t\t\t\t<\/div>\n\t\t\t\t\t\t<\/div>\n\t\t\t\t\t<\/div>\n\t\t<\/div>\n\t\t\t\t\t\t\t\t<\/div>\n\t\t\t\t\t<\/div>\n\t\t<\/section>\n\t\t\t\t<section class=\"elementor-section elementor-top-section elementor-element elementor-element-cf4641d elementor-section-boxed elementor-section-height-default elementor-section-height-default\" data-id=\"cf4641d\" data-element_type=\"section\">\n\t\t\t\t\t\t<div class=\"elementor-container elementor-column-gap-default\">\n\t\t\t\t\t\t\t<div class=\"elementor-row\">\n\t\t\t\t\t<div class=\"elementor-column elementor-col-100 elementor-top-column elementor-element elementor-element-36443bf\" data-id=\"36443bf\" data-element_type=\"column\">\n\t\t\t<div class=\"elementor-column-wrap elementor-element-populated\">\n\t\t\t\t\t\t\t<div class=\"elementor-widget-wrap\">\n\t\t\t\t\t\t<div class=\"elementor-element elementor-element-491a4cc elementor-widget elementor-widget-image\" data-id=\"491a4cc\" data-element_type=\"widget\" data-widget_type=\"image.default\">\n\t\t\t\t<div class=\"elementor-widget-container\">\n\t\t\t\t\t\t\t\t<div class=\"elementor-image\">\n\t\t\t\t\t\t\t\t\t\t\t\t<img width=\"1024\" height=\"569\" src=\"https:\/\/www.marhotels.com\/blog\/wp-content\/uploads\/2022\/04\/Torrent-de-Pareis-01-1024x569.jpg\" class=\"attachment-large size-large\" alt=\"\" loading=\"lazy\" srcset=\"https:\/\/www.marhotels.com\/blog\/wp-content\/uploads\/2022\/04\/Torrent-de-Pareis-01-1024x569.jpg 1024w, https:\/\/www.marhotels.com\/blog\/wp-content\/uploads\/2022\/04\/Torrent-de-Pareis-01-300x167.jpg 300w, https:\/\/www.marhotels.com\/blog\/wp-content\/uploads\/2022\/04\/Torrent-de-Pareis-01-768x427.jpg 768w, https:\/\/www.marhotels.com\/blog\/wp-content\/uploads\/2022\/04\/Torrent-de-Pareis-01-1536x853.jpg 1536w, https:\/\/www.marhotels.com\/blog\/wp-content\/uploads\/2022\/04\/Torrent-de-Pareis-01.jpg 1800w\" sizes=\"(max-width: 1024px) 100vw, 1024px\" \/>\t\t\t\t\t\t\t\t\t\t\t\t\t\t<\/div>\n\t\t\t\t\t\t<\/div>\n\t\t\t\t<\/div>\n\t\t\t\t\t\t<\/div>\n\t\t\t\t\t<\/div>\n\t\t<\/div>\n\t\t\t\t\t\t\t\t<\/div>\n\t\t\t\t\t<\/div>\n\t\t<\/section>\n\t\t\t\t<section class=\"elementor-section elementor-top-section elementor-element elementor-element-1afcf0d elementor-section-boxed elementor-section-height-default elementor-section-height-default\" data-id=\"1afcf0d\" data-element_type=\"section\">\n\t\t\t\t\t\t<div class=\"elementor-container elementor-column-gap-default\">\n\t\t\t\t\t\t\t<div class=\"elementor-row\">\n\t\t\t\t\t<div class=\"elementor-column elementor-col-100 elementor-top-column elementor-element elementor-element-a841c7d\" data-id=\"a841c7d\" data-element_type=\"column\">\n\t\t\t<div class=\"elementor-column-wrap elementor-element-populated\">\n\t\t\t\t\t\t\t<div class=\"elementor-widget-wrap\">\n\t\t\t\t\t\t<div class=\"elementor-element elementor-element-0397c48 elementor-widget elementor-widget-spacer\" data-id=\"0397c48\" data-element_type=\"widget\" data-widget_type=\"spacer.default\">\n\t\t\t\t<div class=\"elementor-widget-container\">\n\t\t\t\t\t<div class=\"elementor-spacer\">\n\t\t\t<div class=\"elementor-spacer-inner\"><\/div>\n\t\t<\/div>\n\t\t\t\t<\/div>\n\t\t\t\t<\/div>\n\t\t\t\t\t\t<\/div>\n\t\t\t\t\t<\/div>\n\t\t<\/div>\n\t\t\t\t\t\t\t\t<\/div>\n\t\t\t\t\t<\/div>\n\t\t<\/section>\n\t\t\t\t<section class=\"elementor-section elementor-top-section elementor-element elementor-element-73ea522 elementor-section-boxed elementor-section-height-default elementor-section-height-default\" data-id=\"73ea522\" data-element_type=\"section\">\n\t\t\t\t\t\t<div class=\"elementor-container elementor-column-gap-default\">\n\t\t\t\t\t\t\t<div class=\"elementor-row\">\n\t\t\t\t\t<div class=\"elementor-column elementor-col-100 elementor-top-column elementor-element elementor-element-32d9129\" data-id=\"32d9129\" data-element_type=\"column\">\n\t\t\t<div class=\"elementor-column-wrap elementor-element-populated\">\n\t\t\t\t\t\t\t<div class=\"elementor-widget-wrap\">\n\t\t\t\t\t\t<div class=\"elementor-element elementor-element-15ccddc elementor-widget elementor-widget-heading\" data-id=\"15ccddc\" data-element_type=\"widget\" data-widget_type=\"heading.default\">\n\t\t\t\t<div class=\"elementor-widget-container\">\n\t\t\t<h2 class=\"elementor-heading-title elementor-size-default\"><a href=\"https:\/\/www.google.com\/maps\/search\/cala+tuent\/@39.8416878,2.7547118,14z\/data=!3m1!4b1%20\">Cala Tuent<\/a><\/h2>\t\t<\/div>\n\t\t\t\t<\/div>\n\t\t\t\t\t\t<\/div>\n\t\t\t\t\t<\/div>\n\t\t<\/div>\n\t\t\t\t\t\t\t\t<\/div>\n\t\t\t\t\t<\/div>\n\t\t<\/section>\n\t\t\t\t<section class=\"elementor-section elementor-top-section elementor-element elementor-element-768849d elementor-section-boxed elementor-section-height-default elementor-section-height-default\" data-id=\"768849d\" data-element_type=\"section\">\n\t\t\t\t\t\t<div class=\"elementor-container elementor-column-gap-default\">\n\t\t\t\t\t\t\t<div class=\"elementor-row\">\n\t\t\t\t\t<div class=\"elementor-column elementor-col-100 elementor-top-column elementor-element elementor-element-94938db\" data-id=\"94938db\" data-element_type=\"column\">\n\t\t\t<div class=\"elementor-column-wrap elementor-element-populated\">\n\t\t\t\t\t\t\t<div class=\"elementor-widget-wrap\">\n\t\t\t\t\t\t<div class=\"elementor-element elementor-element-48f0169 elementor-widget elementor-widget-text-editor\" data-id=\"48f0169\" data-element_type=\"widget\" data-widget_type=\"text-editor.default\">\n\t\t\t\t<div class=\"elementor-widget-container\">\n\t\t\t\t\t\t\t\t<div class=\"elementor-text-editor elementor-clearfix\">\n\t\t\t\t<p>Si buscas tranquilidad, Cala Tuent es tu mejor opci\u00f3n. Situada en la costa noroeste de Mallorca, entre S\u00f3ller y Pollensa, Cala Tuent est\u00e1 considerada una de <a href=\"https:\/\/www.abc-mallorca.es\/playas-en-mallorca\/\">las 20 mejores playas de la isla<\/a> y es una visita obligatoria.\u00a0<\/p><p>Dependiendo la \u00e9poca del a\u00f1o y del clima, el agua puede ser color verde turquesa o azul. No es una playa donde predominen los turistas, sino m\u00e1s bien los residentes, ya que no cuentan con transporte p\u00fablico ni dispone de instalaciones como bares y restaurantes.<\/p>\t\t\t\t\t<\/div>\n\t\t\t\t\t\t<\/div>\n\t\t\t\t<\/div>\n\t\t\t\t\t\t<\/div>\n\t\t\t\t\t<\/div>\n\t\t<\/div>\n\t\t\t\t\t\t\t\t<\/div>\n\t\t\t\t\t<\/div>\n\t\t<\/section>\n\t\t\t\t<section class=\"elementor-section elementor-top-section elementor-element elementor-element-5559df6 elementor-section-boxed elementor-section-height-default elementor-section-height-default\" data-id=\"5559df6\" data-element_type=\"section\">\n\t\t\t\t\t\t<div class=\"elementor-container elementor-column-gap-default\">\n\t\t\t\t\t\t\t<div class=\"elementor-row\">\n\t\t\t\t\t<div class=\"elementor-column elementor-col-100 elementor-top-column elementor-element elementor-element-f79c66f\" data-id=\"f79c66f\" data-element_type=\"column\">\n\t\t\t<div class=\"elementor-column-wrap elementor-element-populated\">\n\t\t\t\t\t\t\t<div class=\"elementor-widget-wrap\">\n\t\t\t\t\t\t<div class=\"elementor-element elementor-element-d911ced elementor-widget elementor-widget-image\" data-id=\"d911ced\" data-element_type=\"widget\" data-widget_type=\"image.default\">\n\t\t\t\t<div class=\"elementor-widget-container\">\n\t\t\t\t\t\t\t\t<div class=\"elementor-image\">\n\t\t\t\t\t\t\t\t\t\t\t\t<img width=\"1024\" height=\"569\" src=\"https:\/\/www.marhotels.com\/blog\/wp-content\/uploads\/2022\/04\/Cala-Tuent-02-02-02-1024x569.jpg\" class=\"attachment-large size-large\" alt=\"\" loading=\"lazy\" srcset=\"https:\/\/www.marhotels.com\/blog\/wp-content\/uploads\/2022\/04\/Cala-Tuent-02-02-02-1024x569.jpg 1024w, https:\/\/www.marhotels.com\/blog\/wp-content\/uploads\/2022\/04\/Cala-Tuent-02-02-02-300x167.jpg 300w, https:\/\/www.marhotels.com\/blog\/wp-content\/uploads\/2022\/04\/Cala-Tuent-02-02-02-768x427.jpg 768w, https:\/\/www.marhotels.com\/blog\/wp-content\/uploads\/2022\/04\/Cala-Tuent-02-02-02-1536x853.jpg 1536w, https:\/\/www.marhotels.com\/blog\/wp-content\/uploads\/2022\/04\/Cala-Tuent-02-02-02.jpg 1800w\" sizes=\"(max-width: 1024px) 100vw, 1024px\" \/>\t\t\t\t\t\t\t\t\t\t\t\t\t\t<\/div>\n\t\t\t\t\t\t<\/div>\n\t\t\t\t<\/div>\n\t\t\t\t\t\t<\/div>\n\t\t\t\t\t<\/div>\n\t\t<\/div>\n\t\t\t\t\t\t\t\t<\/div>\n\t\t\t\t\t<\/div>\n\t\t<\/section>\n\t\t\t\t<section class=\"elementor-section elementor-top-section elementor-element elementor-element-03f85b1 elementor-section-boxed elementor-section-height-default elementor-section-height-default\" data-id=\"03f85b1\" data-element_type=\"section\">\n\t\t\t\t\t\t<div class=\"elementor-container elementor-column-gap-default\">\n\t\t\t\t\t\t\t<div class=\"elementor-row\">\n\t\t\t\t\t<div class=\"elementor-column elementor-col-100 elementor-top-column elementor-element elementor-element-a3d44c9\" data-id=\"a3d44c9\" data-element_type=\"column\">\n\t\t\t<div class=\"elementor-column-wrap elementor-element-populated\">\n\t\t\t\t\t\t\t<div class=\"elementor-widget-wrap\">\n\t\t\t\t\t\t<div class=\"elementor-element elementor-element-18ed90b elementor-widget elementor-widget-spacer\" data-id=\"18ed90b\" data-element_type=\"widget\" data-widget_type=\"spacer.default\">\n\t\t\t\t<div class=\"elementor-widget-container\">\n\t\t\t\t\t<div class=\"elementor-spacer\">\n\t\t\t<div class=\"elementor-spacer-inner\"><\/div>\n\t\t<\/div>\n\t\t\t\t<\/div>\n\t\t\t\t<\/div>\n\t\t\t\t\t\t<\/div>\n\t\t\t\t\t<\/div>\n\t\t<\/div>\n\t\t\t\t\t\t\t\t<\/div>\n\t\t\t\t\t<\/div>\n\t\t<\/section>\n\t\t\t\t<section class=\"elementor-section elementor-top-section elementor-element elementor-element-a7690bb elementor-section-boxed elementor-section-height-default elementor-section-height-default\" data-id=\"a7690bb\" data-element_type=\"section\">\n\t\t\t\t\t\t<div class=\"elementor-container elementor-column-gap-default\">\n\t\t\t\t\t\t\t<div class=\"elementor-row\">\n\t\t\t\t\t<div class=\"elementor-column elementor-col-100 elementor-top-column elementor-element elementor-element-a85ed62\" data-id=\"a85ed62\" data-element_type=\"column\">\n\t\t\t<div class=\"elementor-column-wrap elementor-element-populated\">\n\t\t\t\t\t\t\t<div class=\"elementor-widget-wrap\">\n\t\t\t\t\t\t<div class=\"elementor-element elementor-element-954d559 elementor-widget elementor-widget-heading\" data-id=\"954d559\" data-element_type=\"widget\" data-widget_type=\"heading.default\">\n\t\t\t\t<div class=\"elementor-widget-container\">\n\t\t\t<h2 class=\"elementor-heading-title elementor-size-default\"><a href=\"https:\/\/www.google.com\/maps\/place\/Platja+de+Formentor\/@39.9277036,3.1372317,17z\/data=!3m1!4b1!4m5!3m4!1s0x12962a62c41ae44d:0x9fcb42ec589cdd71!8m2!3d39.9281098!4d3.138562\">Platja de Formentor<\/a><\/h2>\t\t<\/div>\n\t\t\t\t<\/div>\n\t\t\t\t\t\t<\/div>\n\t\t\t\t\t<\/div>\n\t\t<\/div>\n\t\t\t\t\t\t\t\t<\/div>\n\t\t\t\t\t<\/div>\n\t\t<\/section>\n\t\t\t\t<section class=\"elementor-section elementor-top-section elementor-element elementor-element-035e3f2 elementor-section-boxed elementor-section-height-default elementor-section-height-default\" data-id=\"035e3f2\" data-element_type=\"section\">\n\t\t\t\t\t\t<div class=\"elementor-container elementor-column-gap-default\">\n\t\t\t\t\t\t\t<div class=\"elementor-row\">\n\t\t\t\t\t<div class=\"elementor-column elementor-col-100 elementor-top-column elementor-element elementor-element-7ae2f16\" data-id=\"7ae2f16\" data-element_type=\"column\">\n\t\t\t<div class=\"elementor-column-wrap elementor-element-populated\">\n\t\t\t\t\t\t\t<div class=\"elementor-widget-wrap\">\n\t\t\t\t\t\t<div class=\"elementor-element elementor-element-dccb5a8 elementor-widget elementor-widget-text-editor\" data-id=\"dccb5a8\" data-element_type=\"widget\" data-widget_type=\"text-editor.default\">\n\t\t\t\t<div class=\"elementor-widget-container\">\n\t\t\t\t\t\t\t\t<div class=\"elementor-text-editor elementor-clearfix\">\n\t\t\t\t<p>A tan s\u00f3lo 10 kil\u00f3metros de Mar Hotels Playa Mar &amp; Spa, en el Puerto de Pollensa, encontramos una espectacular playa de arena blanca, situada en uno de los parajes m\u00e1s v\u00edrgenes de la isla: la playa de Formentor.<\/p><p>Esta playa, una de las pocas que se pueden encontrar en la monta\u00f1a, es poco profunda, por lo que es perfecta para familias y ni\u00f1os. A diferencia de Cala Tuent, esta playa es muy frecuentada por los turistas debido a la gran cantidad de servicios de que dispone, como alquiler de hamacas y sombrillas, duchas, alquiler de hidropedales, windsurf y paddle surf, y restaurantes, uno de ellos tipo buf\u00e9 y el otro a la carta.<\/p><p>Dependiendo de la \u00e9poca del a\u00f1o y de la hora del d\u00eda, a esta playa s\u00f3lo se puede acceder en autob\u00fas lanzadera, por lo que le recomendamos que se informe antes de c\u00f3mo llegar.<\/p>\t\t\t\t\t<\/div>\n\t\t\t\t\t\t<\/div>\n\t\t\t\t<\/div>\n\t\t\t\t\t\t<\/div>\n\t\t\t\t\t<\/div>\n\t\t<\/div>\n\t\t\t\t\t\t\t\t<\/div>\n\t\t\t\t\t<\/div>\n\t\t<\/section>\n\t\t\t\t<section class=\"elementor-section elementor-top-section elementor-element elementor-element-a793d5f elementor-section-boxed elementor-section-height-default elementor-section-height-default\" data-id=\"a793d5f\" data-element_type=\"section\">\n\t\t\t\t\t\t<div class=\"elementor-container elementor-column-gap-default\">\n\t\t\t\t\t\t\t<div class=\"elementor-row\">\n\t\t\t\t\t<div class=\"elementor-column elementor-col-100 elementor-top-column elementor-element elementor-element-0efc0b2\" data-id=\"0efc0b2\" data-element_type=\"column\">\n\t\t\t<div class=\"elementor-column-wrap elementor-element-populated\">\n\t\t\t\t\t\t\t<div class=\"elementor-widget-wrap\">\n\t\t\t\t\t\t<div class=\"elementor-element elementor-element-932498c elementor-widget elementor-widget-image\" data-id=\"932498c\" data-element_type=\"widget\" data-widget_type=\"image.default\">\n\t\t\t\t<div class=\"elementor-widget-container\">\n\t\t\t\t\t\t\t\t<div class=\"elementor-image\">\n\t\t\t\t\t\t\t\t\t\t\t\t<img width=\"1024\" height=\"569\" src=\"https:\/\/www.marhotels.com\/blog\/wp-content\/uploads\/2022\/04\/Platja-de-Formentor-01.01-1024x569.jpg\" class=\"attachment-large size-large\" alt=\"\" loading=\"lazy\" srcset=\"https:\/\/www.marhotels.com\/blog\/wp-content\/uploads\/2022\/04\/Platja-de-Formentor-01.01-1024x569.jpg 1024w, https:\/\/www.marhotels.com\/blog\/wp-content\/uploads\/2022\/04\/Platja-de-Formentor-01.01-300x167.jpg 300w, https:\/\/www.marhotels.com\/blog\/wp-content\/uploads\/2022\/04\/Platja-de-Formentor-01.01-768x427.jpg 768w, https:\/\/www.marhotels.com\/blog\/wp-content\/uploads\/2022\/04\/Platja-de-Formentor-01.01-1536x853.jpg 1536w, https:\/\/www.marhotels.com\/blog\/wp-content\/uploads\/2022\/04\/Platja-de-Formentor-01.01.jpg 1800w\" sizes=\"(max-width: 1024px) 100vw, 1024px\" \/>\t\t\t\t\t\t\t\t\t\t\t\t\t\t<\/div>\n\t\t\t\t\t\t<\/div>\n\t\t\t\t<\/div>\n\t\t\t\t\t\t<\/div>\n\t\t\t\t\t<\/div>\n\t\t<\/div>\n\t\t\t\t\t\t\t\t<\/div>\n\t\t\t\t\t<\/div>\n\t\t<\/section>\n\t\t\t\t<section class=\"elementor-section elementor-top-section elementor-element elementor-element-053be5d elementor-section-boxed elementor-section-height-default elementor-section-height-default\" data-id=\"053be5d\" data-element_type=\"section\">\n\t\t\t\t\t\t<div class=\"elementor-container elementor-column-gap-default\">\n\t\t\t\t\t\t\t<div class=\"elementor-row\">\n\t\t\t\t\t<div class=\"elementor-column elementor-col-100 elementor-top-column elementor-element elementor-element-621a0f6\" data-id=\"621a0f6\" data-element_type=\"column\">\n\t\t\t<div class=\"elementor-column-wrap elementor-element-populated\">\n\t\t\t\t\t\t\t<div class=\"elementor-widget-wrap\">\n\t\t\t\t\t\t<div class=\"elementor-element elementor-element-74958e7 elementor-widget elementor-widget-spacer\" data-id=\"74958e7\" data-element_type=\"widget\" data-widget_type=\"spacer.default\">\n\t\t\t\t<div class=\"elementor-widget-container\">\n\t\t\t\t\t<div class=\"elementor-spacer\">\n\t\t\t<div class=\"elementor-spacer-inner\"><\/div>\n\t\t<\/div>\n\t\t\t\t<\/div>\n\t\t\t\t<\/div>\n\t\t\t\t\t\t<\/div>\n\t\t\t\t\t<\/div>\n\t\t<\/div>\n\t\t\t\t\t\t\t\t<\/div>\n\t\t\t\t\t<\/div>\n\t\t<\/section>\n\t\t\t\t<section class=\"elementor-section elementor-top-section elementor-element elementor-element-443fafe elementor-section-boxed elementor-section-height-default elementor-section-height-default\" data-id=\"443fafe\" data-element_type=\"section\">\n\t\t\t\t\t\t<div class=\"elementor-container elementor-column-gap-default\">\n\t\t\t\t\t\t\t<div class=\"elementor-row\">\n\t\t\t\t\t<div class=\"elementor-column elementor-col-100 elementor-top-column elementor-element elementor-element-101ac0e\" data-id=\"101ac0e\" data-element_type=\"column\">\n\t\t\t<div class=\"elementor-column-wrap elementor-element-populated\">\n\t\t\t\t\t\t\t<div class=\"elementor-widget-wrap\">\n\t\t\t\t\t\t<div class=\"elementor-element elementor-element-b6a1f0d elementor-widget elementor-widget-heading\" data-id=\"b6a1f0d\" data-element_type=\"widget\" data-widget_type=\"heading.default\">\n\t\t\t\t<div class=\"elementor-widget-container\">\n\t\t\t<h2 class=\"elementor-heading-title elementor-size-default\"><a href=\"https:\/\/www.google.com\/maps\/place\/Cala+Fornells,+Islas+Baleares\/@39.5330466,2.433763,15z\/data=!3m1!4b1!4m5!3m4!1s0x129827481e7fd947:0xe9fbbd913dd64ec2!8m2!3d39.5346626!4d2.4429494%20\">Cala Fornells<\/a><\/h2>\t\t<\/div>\n\t\t\t\t<\/div>\n\t\t\t\t\t\t<\/div>\n\t\t\t\t\t<\/div>\n\t\t<\/div>\n\t\t\t\t\t\t\t\t<\/div>\n\t\t\t\t\t<\/div>\n\t\t<\/section>\n\t\t\t\t<section class=\"elementor-section elementor-top-section elementor-element elementor-element-3454126 elementor-section-boxed elementor-section-height-default elementor-section-height-default\" data-id=\"3454126\" data-element_type=\"section\">\n\t\t\t\t\t\t<div class=\"elementor-container elementor-column-gap-default\">\n\t\t\t\t\t\t\t<div class=\"elementor-row\">\n\t\t\t\t\t<div class=\"elementor-column elementor-col-100 elementor-top-column elementor-element elementor-element-06d13f7\" data-id=\"06d13f7\" data-element_type=\"column\">\n\t\t\t<div class=\"elementor-column-wrap elementor-element-populated\">\n\t\t\t\t\t\t\t<div class=\"elementor-widget-wrap\">\n\t\t\t\t\t\t<div class=\"elementor-element elementor-element-8be4703 elementor-widget elementor-widget-text-editor\" data-id=\"8be4703\" data-element_type=\"widget\" data-widget_type=\"text-editor.default\">\n\t\t\t\t<div class=\"elementor-widget-container\">\n\t\t\t\t\t\t\t\t<div class=\"elementor-text-editor elementor-clearfix\">\n\t\t\t\t<p>Al suroeste de Mallorca, a solo 3 km del <a href=\"https:\/\/www.marhotels.com\/fr\/hotels\/majorque\/puerto-de-pollensa\/mar-hotels-playa-mar-spa\">Mar Hotels Paguera &amp; Spa, <\/a>encontramos esta preciosa cala con zonas de arena, piedra y rocas, que cuenta con un paseo litoral que te permitir\u00e1 visitar las playas vecinas como es Cal\u00f3 de Ses Llises y es Cal\u00f3 d\u2019es Monjo.<\/p><p>Acceder a esta preciosa cala no te supondr\u00e1 ning\u00fan problema ya que dispone de aparcamiento gratuito y un autob\u00fas p\u00fablico cuya parada est\u00e1 a 5 minutos caminando de la cala. Adem\u00e1s, si tienes pensado alquilar un barco, la cala permite el fondeo de embarcaciones.<\/p>\t\t\t\t\t<\/div>\n\t\t\t\t\t\t<\/div>\n\t\t\t\t<\/div>\n\t\t\t\t\t\t<\/div>\n\t\t\t\t\t<\/div>\n\t\t<\/div>\n\t\t\t\t\t\t\t\t<\/div>\n\t\t\t\t\t<\/div>\n\t\t<\/section>\n\t\t\t\t<section class=\"elementor-section elementor-top-section elementor-element elementor-element-c4a6982 elementor-section-boxed elementor-section-height-default elementor-section-height-default\" data-id=\"c4a6982\" data-element_type=\"section\">\n\t\t\t\t\t\t<div class=\"elementor-container elementor-column-gap-default\">\n\t\t\t\t\t\t\t<div class=\"elementor-row\">\n\t\t\t\t\t<div class=\"elementor-column elementor-col-100 elementor-top-column elementor-element elementor-element-228249e\" data-id=\"228249e\" data-element_type=\"column\">\n\t\t\t<div class=\"elementor-column-wrap elementor-element-populated\">\n\t\t\t\t\t\t\t<div class=\"elementor-widget-wrap\">\n\t\t\t\t\t\t<div class=\"elementor-element elementor-element-48b04ef elementor-widget elementor-widget-image\" data-id=\"48b04ef\" data-element_type=\"widget\" data-widget_type=\"image.default\">\n\t\t\t\t<div class=\"elementor-widget-container\">\n\t\t\t\t\t\t\t\t<div class=\"elementor-image\">\n\t\t\t\t\t\t\t\t\t\t\t\t<img width=\"1024\" height=\"569\" src=\"https:\/\/www.marhotels.com\/blog\/wp-content\/uploads\/2022\/04\/Cala-Fornells-01-01-01-01-1024x569.jpg\" class=\"attachment-large size-large\" alt=\"\" loading=\"lazy\" srcset=\"https:\/\/www.marhotels.com\/blog\/wp-content\/uploads\/2022\/04\/Cala-Fornells-01-01-01-01-1024x569.jpg 1024w, https:\/\/www.marhotels.com\/blog\/wp-content\/uploads\/2022\/04\/Cala-Fornells-01-01-01-01-300x167.jpg 300w, https:\/\/www.marhotels.com\/blog\/wp-content\/uploads\/2022\/04\/Cala-Fornells-01-01-01-01-768x427.jpg 768w, https:\/\/www.marhotels.com\/blog\/wp-content\/uploads\/2022\/04\/Cala-Fornells-01-01-01-01-1536x853.jpg 1536w, https:\/\/www.marhotels.com\/blog\/wp-content\/uploads\/2022\/04\/Cala-Fornells-01-01-01-01.jpg 1800w\" sizes=\"(max-width: 1024px) 100vw, 1024px\" \/>\t\t\t\t\t\t\t\t\t\t\t\t\t\t<\/div>\n\t\t\t\t\t\t<\/div>\n\t\t\t\t<\/div>\n\t\t\t\t\t\t<\/div>\n\t\t\t\t\t<\/div>\n\t\t<\/div>\n\t\t\t\t\t\t\t\t<\/div>\n\t\t\t\t\t<\/div>\n\t\t<\/section>\n\t\t\t\t<section class=\"elementor-section elementor-top-section elementor-element elementor-element-fb49a46 elementor-section-boxed elementor-section-height-default elementor-section-height-default\" data-id=\"fb49a46\" data-element_type=\"section\">\n\t\t\t\t\t\t<div class=\"elementor-container elementor-column-gap-default\">\n\t\t\t\t\t\t\t<div class=\"elementor-row\">\n\t\t\t\t\t<div class=\"elementor-column elementor-col-100 elementor-top-column elementor-element elementor-element-c44f3ea\" data-id=\"c44f3ea\" data-element_type=\"column\">\n\t\t\t<div class=\"elementor-column-wrap elementor-element-populated\">\n\t\t\t\t\t\t\t<div class=\"elementor-widget-wrap\">\n\t\t\t\t\t\t<div class=\"elementor-element elementor-element-188b56b elementor-widget elementor-widget-spacer\" data-id=\"188b56b\" data-element_type=\"widget\" data-widget_type=\"spacer.default\">\n\t\t\t\t<div class=\"elementor-widget-container\">\n\t\t\t\t\t<div class=\"elementor-spacer\">\n\t\t\t<div class=\"elementor-spacer-inner\"><\/div>\n\t\t<\/div>\n\t\t\t\t<\/div>\n\t\t\t\t<\/div>\n\t\t\t\t\t\t<\/div>\n\t\t\t\t\t<\/div>\n\t\t<\/div>\n\t\t\t\t\t\t\t\t<\/div>\n\t\t\t\t\t<\/div>\n\t\t<\/section>\n\t\t\t\t\t\t<\/div>\n\t\t\t\t\t\t<\/div>\n\t\t\t\t\t<\/div>\n\t\t","protected":false},"excerpt":{"rendered":"<p>En Mallorca encontrar\u00e1s m\u00e1s de trecientas playas y calas repartidas por su espl\u00e9ndido litoral. En ellas podr\u00e1s disfrutar de algunas de las mejores aguas cristalinas, pero: \u00bfpor d\u00f3nde empezar? Si no tienes claro cu\u00e1les son las mejores opciones entre las trecientas calas y playas que te ofrece Mallorca, nosotros te contamos cu\u00e1les son algunas de &#8230; <a title=\"Cuatro calas que no puedes perderte en la Sierra de Tramuntana\" class=\"read-more\" href=\"https:\/\/www.marhotels.com\/blog\/playas-tramuntana\/\" aria-label=\"M\u00e1s en Cuatro calas que no puedes perderte en la Sierra de Tramuntana\">Leer m\u00e1s<\/a><\/p>\n","protected":false},"author":3,"featured_media":3488,"comment_status":"open","ping_status":"open","sticky":true,"template":"","format":"standard","meta":[],"categories":[13,14,16],"tags":[117,184,121,120],"yoast_head":"<!-- This site is optimized with the Yoast SEO plugin v17.5 - https:\/\/yoast.com\/wordpress\/plugins\/seo\/ -->\n<title>Cuatro calas que no puedes perderte en la Sierra de Tramuntana - Margazine<\/title>\n<meta name=\"description\" content=\"Descubre cuales son las cuatro mejores playas y calas con impresionantes aguas cristalinas en la Sierra de Tramuntana.\" \/>\n<meta name=\"robots\" content=\"index, follow, max-snippet:-1, max-image-preview:large, max-video-preview:-1\" \/>\n<link rel=\"canonical\" href=\"https:\/\/www.marhotels.com\/blog\/playas-tramuntana\/\" \/>\n<meta property=\"og:locale\" content=\"es_ES\" \/>\n<meta property=\"og:type\" content=\"article\" \/>\n<meta property=\"og:title\" content=\"Cuatro calas que no puedes perderte en la Sierra de Tramuntana - Margazine\" \/>\n<meta property=\"og:description\" content=\"Descubre cuales son las cuatro mejores playas y calas con impresionantes aguas cristalinas en la Sierra de Tramuntana.\" \/>\n<meta property=\"og:url\" content=\"https:\/\/www.marhotels.com\/blog\/playas-tramuntana\/\" \/>\n<meta property=\"og:site_name\" content=\"Margazine\" \/>\n<meta property=\"article:published_time\" content=\"2022-04-25T12:12:31+00:00\" \/>\n<meta property=\"article:modified_time\" content=\"2023-12-15T08:10:18+00:00\" \/>\n<meta property=\"og:image\" content=\"https:\/\/www.marhotels.com\/blog\/wp-content\/uploads\/2022\/04\/Portada-blog.jpg\" \/>\n\t<meta property=\"og:image:width\" content=\"2100\" \/>\n\t<meta property=\"og:image:height\" content=\"1200\" \/>\n<meta name=\"twitter:card\" content=\"summary_large_image\" \/>\n<meta name=\"twitter:label1\" content=\"Escrito por\" \/>\n\t<meta name=\"twitter:data1\" content=\"Mar Hotels\" \/>\n\t<meta name=\"twitter:label2\" content=\"Tiempo de lectura\" \/>\n\t<meta name=\"twitter:data2\" content=\"4 minutos\" \/>\n<script type=\"application\/ld+json\" class=\"yoast-schema-graph\">{\"@context\":\"https:\/\/schema.org\",\"@graph\":[{\"@type\":\"WebSite\",\"@id\":\"https:\/\/www.marhotels.com\/blog\/#website\",\"url\":\"https:\/\/www.marhotels.com\/blog\/\",\"name\":\"Margazine\",\"description\":\"Margazine | Mar Hotels \",\"potentialAction\":[{\"@type\":\"SearchAction\",\"target\":{\"@type\":\"EntryPoint\",\"urlTemplate\":\"https:\/\/www.marhotels.com\/blog\/?s={search_term_string}\"},\"query-input\":\"required name=search_term_string\"}],\"inLanguage\":\"es\"},{\"@type\":\"ImageObject\",\"@id\":\"https:\/\/www.marhotels.com\/blog\/playas-tramuntana\/#primaryimage\",\"inLanguage\":\"es\",\"url\":\"https:\/\/www.marhotels.com\/blog\/wp-content\/uploads\/2022\/04\/Portada-blog.jpg\",\"contentUrl\":\"https:\/\/www.marhotels.com\/blog\/wp-content\/uploads\/2022\/04\/Portada-blog.jpg\",\"width\":2100,\"height\":1200},{\"@type\":\"WebPage\",\"@id\":\"https:\/\/www.marhotels.com\/blog\/playas-tramuntana\/#webpage\",\"url\":\"https:\/\/www.marhotels.com\/blog\/playas-tramuntana\/\",\"name\":\"Cuatro calas que no puedes perderte en la Sierra de Tramuntana - Margazine\",\"isPartOf\":{\"@id\":\"https:\/\/www.marhotels.com\/blog\/#website\"},\"primaryImageOfPage\":{\"@id\":\"https:\/\/www.marhotels.com\/blog\/playas-tramuntana\/#primaryimage\"},\"datePublished\":\"2022-04-25T12:12:31+00:00\",\"dateModified\":\"2023-12-15T08:10:18+00:00\",\"author\":{\"@id\":\"https:\/\/www.marhotels.com\/blog\/#\/schema\/person\/47ac78806f78daf5b899821c60378abd\"},\"description\":\"Descubre cuales son las cuatro mejores playas y calas con impresionantes aguas cristalinas en la Sierra de Tramuntana.\",\"breadcrumb\":{\"@id\":\"https:\/\/www.marhotels.com\/blog\/playas-tramuntana\/#breadcrumb\"},\"inLanguage\":\"es\",\"potentialAction\":[{\"@type\":\"ReadAction\",\"target\":[\"https:\/\/www.marhotels.com\/blog\/playas-tramuntana\/\"]}]},{\"@type\":\"BreadcrumbList\",\"@id\":\"https:\/\/www.marhotels.com\/blog\/playas-tramuntana\/#breadcrumb\",\"itemListElement\":[{\"@type\":\"ListItem\",\"position\":1,\"name\":\"Blog\",\"item\":\"https:\/\/www.marhotels.com\/blog\/\"},{\"@type\":\"ListItem\",\"position\":2,\"name\":\"Cuatro calas que no puedes perderte en la Sierra de Tramuntana\"}]},{\"@type\":\"Person\",\"@id\":\"https:\/\/www.marhotels.com\/blog\/#\/schema\/person\/47ac78806f78daf5b899821c60378abd\",\"name\":\"Mar Hotels\",\"image\":{\"@type\":\"ImageObject\",\"@id\":\"https:\/\/www.marhotels.com\/blog\/#personlogo\",\"inLanguage\":\"es\",\"url\":\"https:\/\/secure.gravatar.com\/avatar\/21c665475923ff57eab57c324e7d298d?s=96&d=mm&r=g\",\"contentUrl\":\"https:\/\/secure.gravatar.com\/avatar\/21c665475923ff57eab57c324e7d298d?s=96&d=mm&r=g\",\"caption\":\"Mar Hotels\"},\"url\":\"https:\/\/www.marhotels.com\/blog\/author\/mar-hotels\/\"}]}<\/script>\n<!-- \/ Yoast SEO plugin. -->","yoast_head_json":{"title":"Cuatro calas que no puedes perderte en la Sierra de Tramuntana - Margazine","description":"Descubre cuales son las cuatro mejores playas y calas con impresionantes aguas cristalinas en la Sierra de Tramuntana.","robots":{"index":"index","follow":"follow","max-snippet":"max-snippet:-1","max-image-preview":"max-image-preview:large","max-video-preview":"max-video-preview:-1"},"canonical":"https:\/\/www.marhotels.com\/blog\/playas-tramuntana\/","og_locale":"es_ES","og_type":"article","og_title":"Cuatro calas que no puedes perderte en la Sierra de Tramuntana - Margazine","og_description":"Descubre cuales son las cuatro mejores playas y calas con impresionantes aguas cristalinas en la Sierra de Tramuntana.","og_url":"https:\/\/www.marhotels.com\/blog\/playas-tramuntana\/","og_site_name":"Margazine","article_published_time":"2022-04-25T12:12:31+00:00","article_modified_time":"2023-12-15T08:10:18+00:00","og_image":[{"width":2100,"height":1200,"url":"https:\/\/www.marhotels.com\/blog\/wp-content\/uploads\/2022\/04\/Portada-blog.jpg","type":"image\/jpeg"}],"twitter_card":"summary_large_image","twitter_misc":{"Escrito por":"Mar Hotels","Tiempo de lectura":"4 minutos"},"schema":{"@context":"https:\/\/schema.org","@graph":[{"@type":"WebSite","@id":"https:\/\/www.marhotels.com\/blog\/#website","url":"https:\/\/www.marhotels.com\/blog\/","name":"Margazine","description":"Margazine | Mar Hotels ","potentialAction":[{"@type":"SearchAction","target":{"@type":"EntryPoint","urlTemplate":"https:\/\/www.marhotels.com\/blog\/?s={search_term_string}"},"query-input":"required name=search_term_string"}],"inLanguage":"es"},{"@type":"ImageObject","@id":"https:\/\/www.marhotels.com\/blog\/playas-tramuntana\/#primaryimage","inLanguage":"es","url":"https:\/\/www.marhotels.com\/blog\/wp-content\/uploads\/2022\/04\/Portada-blog.jpg","contentUrl":"https:\/\/www.marhotels.com\/blog\/wp-content\/uploads\/2022\/04\/Portada-blog.jpg","width":2100,"height":1200},{"@type":"WebPage","@id":"https:\/\/www.marhotels.com\/blog\/playas-tramuntana\/#webpage","url":"https:\/\/www.marhotels.com\/blog\/playas-tramuntana\/","name":"Cuatro calas que no puedes perderte en la Sierra de Tramuntana - Margazine","isPartOf":{"@id":"https:\/\/www.marhotels.com\/blog\/#website"},"primaryImageOfPage":{"@id":"https:\/\/www.marhotels.com\/blog\/playas-tramuntana\/#primaryimage"},"datePublished":"2022-04-25T12:12:31+00:00","dateModified":"2023-12-15T08:10:18+00:00","author":{"@id":"https:\/\/www.marhotels.com\/blog\/#\/schema\/person\/47ac78806f78daf5b899821c60378abd"},"description":"Descubre cuales son las cuatro mejores playas y calas con impresionantes aguas cristalinas en la Sierra de Tramuntana.","breadcrumb":{"@id":"https:\/\/www.marhotels.com\/blog\/playas-tramuntana\/#breadcrumb"},"inLanguage":"es","potentialAction":[{"@type":"ReadAction","target":["https:\/\/www.marhotels.com\/blog\/playas-tramuntana\/"]}]},{"@type":"BreadcrumbList","@id":"https:\/\/www.marhotels.com\/blog\/playas-tramuntana\/#breadcrumb","itemListElement":[{"@type":"ListItem","position":1,"name":"Blog","item":"https:\/\/www.marhotels.com\/blog\/"},{"@type":"ListItem","position":2,"name":"Cuatro calas que no puedes perderte en la Sierra de Tramuntana"}]},{"@type":"Person","@id":"https:\/\/www.marhotels.com\/blog\/#\/schema\/person\/47ac78806f78daf5b899821c60378abd","name":"Mar Hotels","image":{"@type":"ImageObject","@id":"https:\/\/www.marhotels.com\/blog\/#personlogo","inLanguage":"es","url":"https:\/\/secure.gravatar.com\/avatar\/21c665475923ff57eab57c324e7d298d?s=96&d=mm&r=g","contentUrl":"https:\/\/secure.gravatar.com\/avatar\/21c665475923ff57eab57c324e7d298d?s=96&d=mm&r=g","caption":"Mar Hotels"},"url":"https:\/\/www.marhotels.com\/blog\/author\/mar-hotels\/"}]}},"_links":{"self":[{"href":"https:\/\/www.marhotels.com\/blog\/wp-json\/wp\/v2\/posts\/3456"}],"collection":[{"href":"https:\/\/www.marhotels.com\/blog\/wp-json\/wp\/v2\/posts"}],"about":[{"href":"https:\/\/www.marhotels.com\/blog\/wp-json\/wp\/v2\/types\/post"}],"author":[{"embeddable":true,"href":"https:\/\/www.marhotels.com\/blog\/wp-json\/wp\/v2\/users\/3"}],"replies":[{"embeddable":true,"href":"https:\/\/www.marhotels.com\/blog\/wp-json\/wp\/v2\/comments?post=3456"}],"version-history":[{"count":19,"href":"https:\/\/www.marhotels.com\/blog\/wp-json\/wp\/v2\/posts\/3456\/revisions"}],"predecessor-version":[{"id":3865,"href":"https:\/\/www.marhotels.com\/blog\/wp-json\/wp\/v2\/posts\/3456\/revisions\/3865"}],"wp:featuredmedia":[{"embeddable":true,"href":"https:\/\/www.marhotels.com\/blog\/wp-json\/wp\/v2\/media\/3488"}],"wp:attachment":[{"href":"https:\/\/www.marhotels.com\/blog\/wp-json\/wp\/v2\/media?parent=3456"}],"wp:term":[{"taxonomy":"category","embeddable":true,"href":"https:\/\/www.marhotels.com\/blog\/wp-json\/wp\/v2\/categories?post=3456"},{"taxonomy":"post_tag","embeddable":true,"href":"https:\/\/www.marhotels.com\/blog\/wp-json\/wp\/v2\/tags?post=3456"}],"curies":[{"name":"wp","href":"https:\/\/api.w.org\/{rel}","templated":true}]}}