{"id":3190,"date":"2021-11-11T13:05:39","date_gmt":"2021-11-11T13:05:39","guid":{"rendered":"https:\/\/www.marhotels.com\/blog\/?p=3190"},"modified":"2021-11-11T13:05:39","modified_gmt":"2021-11-11T13:05:39","slug":"die-drei-besten-aussichtspunkte-im-gebirge-serra-de-tramuntana","status":"publish","type":"post","link":"https:\/\/www.marhotels.com\/blog\/de\/die-drei-besten-aussichtspunkte-im-gebirge-serra-de-tramuntana\/","title":{"rendered":"Die drei besten Aussichtspunkte im Gebirge Serra de Tramuntana"},"content":{"rendered":"<p><img loading=\"lazy\" src=\"https:\/\/www.marhotels.com\/blog\/wp-content\/uploads\/2021\/11\/Puesta-de-sol-Serra-de-Tramuntana-1024x512.jpg\" sizes=\"(max-width: 1024px) 100vw, 1024px\" srcset=\"https:\/\/www.marhotels.com\/blog\/wp-content\/uploads\/2021\/11\/Puesta-de-sol-Serra-de-Tramuntana-1024x512.jpg 1024w, https:\/\/www.marhotels.com\/blog\/wp-content\/uploads\/2021\/11\/Puesta-de-sol-Serra-de-Tramuntana-300x150.jpg 300w, https:\/\/www.marhotels.com\/blog\/wp-content\/uploads\/2021\/11\/Puesta-de-sol-Serra-de-Tramuntana-768x384.jpg 768w, https:\/\/www.marhotels.com\/blog\/wp-content\/uploads\/2021\/11\/Puesta-de-sol-Serra-de-Tramuntana-1536x768.jpg 1536w, https:\/\/www.marhotels.com\/blog\/wp-content\/uploads\/2021\/11\/Puesta-de-sol-Serra-de-Tramuntana-2048x1023.jpg 2048w\" alt=\"\" width=\"1024\" height=\"512\" \/><\/p>\n<p>Die Serra de Tramuntana ist das Hauptgebirge der Balearen und liegt im Nordwesten von Mallorca. Dieses herrliche Gebirge, das 2011 zum Weltkulturerbe erkl\u00e4rt wurde, hat seinen Namen vom Tramontana-Wind, der laut der mediterranen Windrose der Wind ist, der aus dem Norden kommt. Auf seinen 87 Kilometern L\u00e4nge finden Sie einige der sch\u00f6nsten und spektakul\u00e4rsten Aussichten Mallorcas, weshalb Sie sich diese drei herrlichen Aussichtspunkte nicht entgehen lassen sollten:<\/p>\n<h2>Mirador des Colomer, Pollensa<\/h2>\n<p><img loading=\"lazy\" src=\"https:\/\/www.marhotels.com\/blog\/wp-content\/uploads\/2021\/11\/Mirador-des-Colomer-1024x684.jpg\" sizes=\"(max-width: 1024px) 100vw, 1024px\" srcset=\"https:\/\/www.marhotels.com\/blog\/wp-content\/uploads\/2021\/11\/Mirador-des-Colomer-1024x684.jpg 1024w, https:\/\/www.marhotels.com\/blog\/wp-content\/uploads\/2021\/11\/Mirador-des-Colomer-300x200.jpg 300w, https:\/\/www.marhotels.com\/blog\/wp-content\/uploads\/2021\/11\/Mirador-des-Colomer-768x513.jpg 768w, https:\/\/www.marhotels.com\/blog\/wp-content\/uploads\/2021\/11\/Mirador-des-Colomer-1536x1025.jpg 1536w, https:\/\/www.marhotels.com\/blog\/wp-content\/uploads\/2021\/11\/Mirador-des-Colomer.jpg 2000w\" alt=\"\" width=\"1024\" height=\"684\" \/><\/p>\n<p>Der Mirador des Colomer ist wahrscheinlich der ber\u00fchmteste Aussichtspunkt im Tramuntana-Gebirge. Es wurde 1961 erbaut und befindet sich auf einem \u00fcber 200 Meter hohen, senkrechten Felsen, den man \u00fcber eine gemei\u00dfelte Steintreppe erreicht. Der herrliche Blick auf das Kap Formentor und die Steilk\u00fcste, die sich \u00fcber dem Mittelmeer bricht, ist eines der bekanntesten Postkartenmotive Mallorcas, besonders bei Sonnenuntergang. Der Aussichtspunkt befindet sich etwa 5 Kilometer von den <a href=\"https:\/\/www.marhotels.com\/de\/hotels\/mallorca\/puerto-de-pollensa\/mar-hotels-playa-mar-spa\">Mar Hotels Playa Mar &amp; Spa in Puerto de Pollen\u00e7a<\/a> entfernt, an der Stra\u00dfe nach Formentor.<\/p>\n<h2>Mirador de na Foradada, Dei\u00e0<\/h2>\n<p><img loading=\"lazy\" src=\"https:\/\/www.marhotels.com\/blog\/wp-content\/uploads\/2021\/11\/Mirador-de-Na-Foradada-1024x678.jpg\" sizes=\"(max-width: 1024px) 100vw, 1024px\" srcset=\"https:\/\/www.marhotels.com\/blog\/wp-content\/uploads\/2021\/11\/Mirador-de-Na-Foradada-1024x678.jpg 1024w, https:\/\/www.marhotels.com\/blog\/wp-content\/uploads\/2021\/11\/Mirador-de-Na-Foradada-300x199.jpg 300w, https:\/\/www.marhotels.com\/blog\/wp-content\/uploads\/2021\/11\/Mirador-de-Na-Foradada-768x509.jpg 768w, https:\/\/www.marhotels.com\/blog\/wp-content\/uploads\/2021\/11\/Mirador-de-Na-Foradada-1536x1018.jpg 1536w, https:\/\/www.marhotels.com\/blog\/wp-content\/uploads\/2021\/11\/Mirador-de-Na-Foradada.jpg 2000w\" alt=\"\" width=\"1024\" height=\"678\" \/><\/p>\n<p>Der Mirador de na Foradada befindet sich in der emblematischen Finca de Son Marroig, an der Stra\u00dfe, die Dei\u00e0 mit Valldemossa verbindet, und bietet einen der besten Ausblicke auf Mallorca. Tags\u00fcber k\u00f6nnen Sie die steilen Klippen im Norden der Insel und die Halbinsel Sa Foradada mit ihrem besonderen Loch in der Spitze des Felsens bewundern, und bei Sonnenuntergang k\u00f6nnen Sie einen der sch\u00f6nsten Sonnenunterg\u00e4nge im Mittelmeer genie\u00dfen. Au\u00dferdem befindet sich neben dem Aussichtspunkt das Restaurant de na Foradada, das \u00fcber eine gro\u00dfe Terrasse verf\u00fcgt, auf der Sie die Landschaft dieser privilegierten mallorquinischen Enklave genie\u00dfen k\u00f6nnen, sowohl mit Freunden als auch mit Ihrem Partner.<\/p>\n<h2>Mirador de Ses \u00c0nimes, Banyalbufar<\/h2>\n<p><img loading=\"lazy\" src=\"https:\/\/www.marhotels.com\/blog\/wp-content\/uploads\/2021\/11\/Mirador-de-Ses-Animes-1024x767.jpg\" sizes=\"(max-width: 1024px) 100vw, 1024px\" srcset=\"https:\/\/www.marhotels.com\/blog\/wp-content\/uploads\/2021\/11\/Mirador-de-Ses-Animes-1024x767.jpg 1024w, https:\/\/www.marhotels.com\/blog\/wp-content\/uploads\/2021\/11\/Mirador-de-Ses-Animes-300x225.jpg 300w, https:\/\/www.marhotels.com\/blog\/wp-content\/uploads\/2021\/11\/Mirador-de-Ses-Animes-768x575.jpg 768w, https:\/\/www.marhotels.com\/blog\/wp-content\/uploads\/2021\/11\/Mirador-de-Ses-Animes-1536x1150.jpg 1536w, https:\/\/www.marhotels.com\/blog\/wp-content\/uploads\/2021\/11\/Mirador-de-Ses-Animes.jpg 2000w\" alt=\"\" width=\"1024\" height=\"767\" \/><\/p>\n<p>Der Aussichtspunkt Mirador de Ses \u00c0nimes liegt drei Kilometer von Banyalbufar entfernt in Richtung Estellencs und bietet einen herrlichen Blick auf das Mittelmeer und das Gebirge Serra de Tramuntana. Die privilegierte Lage war einer der Gr\u00fcnde, warum hier 1579 der Torre des Verger errichtet wurde, um vor der Ankunft von Piraten und Eindringlingen auf der Insel zu warnen, dessen \u00dcberreste heute noch zu sehen sind, nachdem sie durch einen Blitzschlag teilweise zerst\u00f6rt wurden. Die Legende besagt, dass die Seelen (auf Mallorquinisch &#8220;\u00e0nimes&#8221;) in Wintern\u00e4chten unsichtbare Netze weben, um jeden zu fangen, der es wagt vorbeizukommen. Wenn Sie also abergl\u00e4ubisch sind, haben Sie Gl\u00fcck, denn Sie k\u00f6nnen den ganzen Sommer \u00fcber die spektakul\u00e4re Aussicht genie\u00dfen.<\/p>\n","protected":false},"excerpt":{"rendered":"<p>Die Serra de Tramuntana ist das Hauptgebirge der Balearen und liegt im Nordwesten von Mallorca. Dieses herrliche Gebirge, das 2011 zum Weltkulturerbe erkl\u00e4rt wurde, hat seinen Namen vom Tramontana-Wind, der laut der mediterranen Windrose der Wind ist, der aus dem Norden kommt. Auf seinen 87 Kilometern L\u00e4nge finden Sie einige der sch\u00f6nsten und spektakul\u00e4rsten Aussichten &#8230; <a title=\"Die drei besten Aussichtspunkte im Gebirge Serra de Tramuntana\" class=\"read-more\" href=\"https:\/\/www.marhotels.com\/blog\/de\/die-drei-besten-aussichtspunkte-im-gebirge-serra-de-tramuntana\/\" aria-label=\"More on Die drei besten Aussichtspunkte im Gebirge Serra de Tramuntana\">Read more<\/a><\/p>\n","protected":false},"author":3,"featured_media":3152,"comment_status":"open","ping_status":"open","sticky":true,"template":"","format":"standard","meta":[],"categories":[112,80],"tags":[123,122,125,127,126,124],"yoast_head":"<!-- This site is optimized with the Yoast SEO plugin v17.5 - https:\/\/yoast.com\/wordpress\/plugins\/seo\/ -->\n<title>Die drei besten Aussichtspunkte im Gebirge Serra de Tramuntana - Margazine<\/title>\n<meta name=\"robots\" content=\"index, follow, max-snippet:-1, max-image-preview:large, max-video-preview:-1\" \/>\n<link rel=\"canonical\" href=\"https:\/\/www.marhotels.com\/blog\/de\/die-drei-besten-aussichtspunkte-im-gebirge-serra-de-tramuntana\/\" \/>\n<meta property=\"og:locale\" content=\"de_DE\" \/>\n<meta property=\"og:type\" content=\"article\" \/>\n<meta property=\"og:title\" content=\"Die drei besten Aussichtspunkte im Gebirge Serra de Tramuntana - Margazine\" \/>\n<meta property=\"og:description\" content=\"Die Serra de Tramuntana ist das Hauptgebirge der Balearen und liegt im Nordwesten von Mallorca. Dieses herrliche Gebirge, das 2011 zum Weltkulturerbe erkl\u00e4rt wurde, hat seinen Namen vom Tramontana-Wind, der laut der mediterranen Windrose der Wind ist, der aus dem Norden kommt. Auf seinen 87 Kilometern L\u00e4nge finden Sie einige der sch\u00f6nsten und spektakul\u00e4rsten Aussichten ... Read more\" \/>\n<meta property=\"og:url\" content=\"https:\/\/www.marhotels.com\/blog\/de\/die-drei-besten-aussichtspunkte-im-gebirge-serra-de-tramuntana\/\" \/>\n<meta property=\"og:site_name\" content=\"Margazine\" \/>\n<meta property=\"article:published_time\" content=\"2021-11-11T13:05:39+00:00\" \/>\n<meta property=\"og:image\" content=\"https:\/\/www.marhotels.com\/blog\/wp-content\/uploads\/2021\/11\/Puesta-de-sol-Serra-de-Tramuntana-scaled.jpg\" \/>\n\t<meta property=\"og:image:width\" content=\"2560\" \/>\n\t<meta property=\"og:image:height\" content=\"1279\" \/>\n<meta name=\"twitter:card\" content=\"summary_large_image\" \/>\n<meta name=\"twitter:label1\" content=\"Written by\" \/>\n\t<meta name=\"twitter:data1\" content=\"Mar Hotels\" \/>\n\t<meta name=\"twitter:label2\" content=\"Est. reading time\" \/>\n\t<meta name=\"twitter:data2\" content=\"2 minutes\" \/>\n<script type=\"application\/ld+json\" class=\"yoast-schema-graph\">{\"@context\":\"https:\/\/schema.org\",\"@graph\":[{\"@type\":\"WebSite\",\"@id\":\"https:\/\/www.marhotels.com\/blog\/#website\",\"url\":\"https:\/\/www.marhotels.com\/blog\/\",\"name\":\"Margazine\",\"description\":\"Margazine | Mar Hotels \",\"potentialAction\":[{\"@type\":\"SearchAction\",\"target\":{\"@type\":\"EntryPoint\",\"urlTemplate\":\"https:\/\/www.marhotels.com\/blog\/?s={search_term_string}\"},\"query-input\":\"required name=search_term_string\"}],\"inLanguage\":\"de-DE\"},{\"@type\":\"ImageObject\",\"@id\":\"https:\/\/www.marhotels.com\/blog\/de\/die-drei-besten-aussichtspunkte-im-gebirge-serra-de-tramuntana\/#primaryimage\",\"inLanguage\":\"de-DE\",\"url\":\"https:\/\/www.marhotels.com\/blog\/wp-content\/uploads\/2021\/11\/Puesta-de-sol-Serra-de-Tramuntana-scaled.jpg\",\"contentUrl\":\"https:\/\/www.marhotels.com\/blog\/wp-content\/uploads\/2021\/11\/Puesta-de-sol-Serra-de-Tramuntana-scaled.jpg\",\"width\":2560,\"height\":1279},{\"@type\":\"WebPage\",\"@id\":\"https:\/\/www.marhotels.com\/blog\/de\/die-drei-besten-aussichtspunkte-im-gebirge-serra-de-tramuntana\/#webpage\",\"url\":\"https:\/\/www.marhotels.com\/blog\/de\/die-drei-besten-aussichtspunkte-im-gebirge-serra-de-tramuntana\/\",\"name\":\"Die drei besten Aussichtspunkte im Gebirge Serra de Tramuntana - Margazine\",\"isPartOf\":{\"@id\":\"https:\/\/www.marhotels.com\/blog\/#website\"},\"primaryImageOfPage\":{\"@id\":\"https:\/\/www.marhotels.com\/blog\/de\/die-drei-besten-aussichtspunkte-im-gebirge-serra-de-tramuntana\/#primaryimage\"},\"datePublished\":\"2021-11-11T13:05:39+00:00\",\"dateModified\":\"2021-11-11T13:05:39+00:00\",\"author\":{\"@id\":\"https:\/\/www.marhotels.com\/blog\/#\/schema\/person\/47ac78806f78daf5b899821c60378abd\"},\"breadcrumb\":{\"@id\":\"https:\/\/www.marhotels.com\/blog\/de\/die-drei-besten-aussichtspunkte-im-gebirge-serra-de-tramuntana\/#breadcrumb\"},\"inLanguage\":\"de-DE\",\"potentialAction\":[{\"@type\":\"ReadAction\",\"target\":[\"https:\/\/www.marhotels.com\/blog\/de\/die-drei-besten-aussichtspunkte-im-gebirge-serra-de-tramuntana\/\"]}]},{\"@type\":\"BreadcrumbList\",\"@id\":\"https:\/\/www.marhotels.com\/blog\/de\/die-drei-besten-aussichtspunkte-im-gebirge-serra-de-tramuntana\/#breadcrumb\",\"itemListElement\":[{\"@type\":\"ListItem\",\"position\":1,\"name\":\"Blog\",\"item\":\"https:\/\/www.marhotels.com\/blog\/de\/\"},{\"@type\":\"ListItem\",\"position\":2,\"name\":\"Die drei besten Aussichtspunkte im Gebirge Serra de Tramuntana\"}]},{\"@type\":\"Person\",\"@id\":\"https:\/\/www.marhotels.com\/blog\/#\/schema\/person\/47ac78806f78daf5b899821c60378abd\",\"name\":\"Mar Hotels\",\"image\":{\"@type\":\"ImageObject\",\"@id\":\"https:\/\/www.marhotels.com\/blog\/#personlogo\",\"inLanguage\":\"de-DE\",\"url\":\"https:\/\/secure.gravatar.com\/avatar\/21c665475923ff57eab57c324e7d298d?s=96&d=mm&r=g\",\"contentUrl\":\"https:\/\/secure.gravatar.com\/avatar\/21c665475923ff57eab57c324e7d298d?s=96&d=mm&r=g\",\"caption\":\"Mar Hotels\"},\"url\":\"https:\/\/www.marhotels.com\/blog\/de\/author\/mar-hotels\/\"}]}<\/script>\n<!-- \/ Yoast SEO plugin. -->","yoast_head_json":{"title":"Die drei besten Aussichtspunkte im Gebirge Serra de Tramuntana - Margazine","robots":{"index":"index","follow":"follow","max-snippet":"max-snippet:-1","max-image-preview":"max-image-preview:large","max-video-preview":"max-video-preview:-1"},"canonical":"https:\/\/www.marhotels.com\/blog\/de\/die-drei-besten-aussichtspunkte-im-gebirge-serra-de-tramuntana\/","og_locale":"de_DE","og_type":"article","og_title":"Die drei besten Aussichtspunkte im Gebirge Serra de Tramuntana - Margazine","og_description":"Die Serra de Tramuntana ist das Hauptgebirge der Balearen und liegt im Nordwesten von Mallorca. Dieses herrliche Gebirge, das 2011 zum Weltkulturerbe erkl\u00e4rt wurde, hat seinen Namen vom Tramontana-Wind, der laut der mediterranen Windrose der Wind ist, der aus dem Norden kommt. Auf seinen 87 Kilometern L\u00e4nge finden Sie einige der sch\u00f6nsten und spektakul\u00e4rsten Aussichten ... Read more","og_url":"https:\/\/www.marhotels.com\/blog\/de\/die-drei-besten-aussichtspunkte-im-gebirge-serra-de-tramuntana\/","og_site_name":"Margazine","article_published_time":"2021-11-11T13:05:39+00:00","og_image":[{"width":2560,"height":1279,"url":"https:\/\/www.marhotels.com\/blog\/wp-content\/uploads\/2021\/11\/Puesta-de-sol-Serra-de-Tramuntana-scaled.jpg","type":"image\/jpeg"}],"twitter_card":"summary_large_image","twitter_misc":{"Written by":"Mar Hotels","Est. reading time":"2 minutes"},"schema":{"@context":"https:\/\/schema.org","@graph":[{"@type":"WebSite","@id":"https:\/\/www.marhotels.com\/blog\/#website","url":"https:\/\/www.marhotels.com\/blog\/","name":"Margazine","description":"Margazine | Mar Hotels ","potentialAction":[{"@type":"SearchAction","target":{"@type":"EntryPoint","urlTemplate":"https:\/\/www.marhotels.com\/blog\/?s={search_term_string}"},"query-input":"required name=search_term_string"}],"inLanguage":"de-DE"},{"@type":"ImageObject","@id":"https:\/\/www.marhotels.com\/blog\/de\/die-drei-besten-aussichtspunkte-im-gebirge-serra-de-tramuntana\/#primaryimage","inLanguage":"de-DE","url":"https:\/\/www.marhotels.com\/blog\/wp-content\/uploads\/2021\/11\/Puesta-de-sol-Serra-de-Tramuntana-scaled.jpg","contentUrl":"https:\/\/www.marhotels.com\/blog\/wp-content\/uploads\/2021\/11\/Puesta-de-sol-Serra-de-Tramuntana-scaled.jpg","width":2560,"height":1279},{"@type":"WebPage","@id":"https:\/\/www.marhotels.com\/blog\/de\/die-drei-besten-aussichtspunkte-im-gebirge-serra-de-tramuntana\/#webpage","url":"https:\/\/www.marhotels.com\/blog\/de\/die-drei-besten-aussichtspunkte-im-gebirge-serra-de-tramuntana\/","name":"Die drei besten Aussichtspunkte im Gebirge Serra de Tramuntana - Margazine","isPartOf":{"@id":"https:\/\/www.marhotels.com\/blog\/#website"},"primaryImageOfPage":{"@id":"https:\/\/www.marhotels.com\/blog\/de\/die-drei-besten-aussichtspunkte-im-gebirge-serra-de-tramuntana\/#primaryimage"},"datePublished":"2021-11-11T13:05:39+00:00","dateModified":"2021-11-11T13:05:39+00:00","author":{"@id":"https:\/\/www.marhotels.com\/blog\/#\/schema\/person\/47ac78806f78daf5b899821c60378abd"},"breadcrumb":{"@id":"https:\/\/www.marhotels.com\/blog\/de\/die-drei-besten-aussichtspunkte-im-gebirge-serra-de-tramuntana\/#breadcrumb"},"inLanguage":"de-DE","potentialAction":[{"@type":"ReadAction","target":["https:\/\/www.marhotels.com\/blog\/de\/die-drei-besten-aussichtspunkte-im-gebirge-serra-de-tramuntana\/"]}]},{"@type":"BreadcrumbList","@id":"https:\/\/www.marhotels.com\/blog\/de\/die-drei-besten-aussichtspunkte-im-gebirge-serra-de-tramuntana\/#breadcrumb","itemListElement":[{"@type":"ListItem","position":1,"name":"Blog","item":"https:\/\/www.marhotels.com\/blog\/de\/"},{"@type":"ListItem","position":2,"name":"Die drei besten Aussichtspunkte im Gebirge Serra de Tramuntana"}]},{"@type":"Person","@id":"https:\/\/www.marhotels.com\/blog\/#\/schema\/person\/47ac78806f78daf5b899821c60378abd","name":"Mar Hotels","image":{"@type":"ImageObject","@id":"https:\/\/www.marhotels.com\/blog\/#personlogo","inLanguage":"de-DE","url":"https:\/\/secure.gravatar.com\/avatar\/21c665475923ff57eab57c324e7d298d?s=96&d=mm&r=g","contentUrl":"https:\/\/secure.gravatar.com\/avatar\/21c665475923ff57eab57c324e7d298d?s=96&d=mm&r=g","caption":"Mar Hotels"},"url":"https:\/\/www.marhotels.com\/blog\/de\/author\/mar-hotels\/"}]}},"_links":{"self":[{"href":"https:\/\/www.marhotels.com\/blog\/de\/wp-json\/wp\/v2\/posts\/3190"}],"collection":[{"href":"https:\/\/www.marhotels.com\/blog\/de\/wp-json\/wp\/v2\/posts"}],"about":[{"href":"https:\/\/www.marhotels.com\/blog\/de\/wp-json\/wp\/v2\/types\/post"}],"author":[{"embeddable":true,"href":"https:\/\/www.marhotels.com\/blog\/de\/wp-json\/wp\/v2\/users\/3"}],"replies":[{"embeddable":true,"href":"https:\/\/www.marhotels.com\/blog\/de\/wp-json\/wp\/v2\/comments?post=3190"}],"version-history":[{"count":2,"href":"https:\/\/www.marhotels.com\/blog\/de\/wp-json\/wp\/v2\/posts\/3190\/revisions"}],"predecessor-version":[{"id":3203,"href":"https:\/\/www.marhotels.com\/blog\/de\/wp-json\/wp\/v2\/posts\/3190\/revisions\/3203"}],"wp:featuredmedia":[{"embeddable":true,"href":"https:\/\/www.marhotels.com\/blog\/de\/wp-json\/wp\/v2\/media\/3152"}],"wp:attachment":[{"href":"https:\/\/www.marhotels.com\/blog\/de\/wp-json\/wp\/v2\/media?parent=3190"}],"wp:term":[{"taxonomy":"category","embeddable":true,"href":"https:\/\/www.marhotels.com\/blog\/de\/wp-json\/wp\/v2\/categories?post=3190"},{"taxonomy":"post_tag","embeddable":true,"href":"https:\/\/www.marhotels.com\/blog\/de\/wp-json\/wp\/v2\/tags?post=3190"}],"curies":[{"name":"wp","href":"https:\/\/api.w.org\/{rel}","templated":true}]}}